{"id":298,"date":"2015-12-02T22:31:53","date_gmt":"2015-12-02T21:31:53","guid":{"rendered":"http:\/\/www.florianschwarz.at\/androsch\/?p=298"},"modified":"2016-03-20T21:00:54","modified_gmt":"2016-03-20T20:00:54","slug":"home","status":"publish","type":"post","link":"https:\/\/www.peterandrosch.at\/en\/2015\/12\/02\/home\/","title":{"rendered":"Titel f\u00fcr News Beitrag"},"content":{"rendered":"<div class=\"krown-column-row clearfix wpb_row krown-column-row clearfix-fluid\">\n\t<div class=\"krown-column-container clearfix span12\" style=\"\">\n\t\t\n\t\t\t<p><em>Androsch ist ein Philosoph und Hansdampf zugleich, ein Konzept- und Jahrmarktk\u00fcnstler, er kennt sich gut aus mit der Stille.<br \/>\n<\/em>Eleonore B\u00fcning in der &#8220;Frankfurter Allgemeinen Zeitung&#8221; 2013<\/p>\n<p><span style=\"text-decoration: underline;\">Aktuelle Termine:<br \/>\n<\/span>4.4.2016 Er\u00f6ffnung Ausstellung \u201ePhonographien\u201c, Czerwenka Villa (Landesmusikschule), V\u00f6cklabruck<br \/>\n4.4.2016, 19.00 Dr. Didi live Czerwenka Villa (Landesmusikschule), V\u00f6cklabruck<br \/>\n10.6.2016, 20.00 Dr. Didi live Rudigierhalle, Mariendom, Linz, Lange Nacht der Kirchen<br \/>\n11.6.2016 Die Welt der Phonographie \u2013 Personale Peter Androsch bis Ende Oktober, Historisches Museum, Minoritenkirche, Regensburg<br \/>\n19.6.2016 Festival \u201eLandg\u00e4nge\u201c, Freistadt und St. Peter, M\u00fchlviertel, O\u00f6<br \/>\n19.6.2016, 19.30 Dr. Didi live Festival Landg\u00e4nge, Kirche St. Peter bei Freistadt<br \/>\n22.6.2016, Abend Dr. Didi live SILOS Art Inside, Venezia, Italia<br \/>\n25.8.2016, 22.00 Dr. Didi live bei 4553\u00b2 Literaturfestival Schlierbach<br \/>\n10.9.2016, Abend Dr. Didi live Minoritenkirche, Historisches Museum, Regensburg, Deutschland<\/p>\n<p><em>Wie weit ein Komponist k\u00fcnstlerische Freiheit nutzt, entscheidet \u00fcber seine Originalit\u00e4t. Androsch hat sie reichlich<\/em>,<br \/>\nschreibt Dietmar Polaczek in der Frankfurter Allgemeine Zeitung (2003), &#8211; Peter Androsch ist nicht nur als Komponist, sondern auch als Musiker, Raum- und Schriftk\u00fcnstler, Forscher, Schreiber und Vortragender international t\u00e4tig. Sein breites \u0152uvre wird hier in den vier Feldern Komponieren, Musizieren, Phonographie und H\u00f6rstadt dargestellt.<\/p>\n\n\t<\/div> \n<\/div>\n","protected":false},"excerpt":{"rendered":"<p>Androsch ist ein Philosoph und Hansdampf zugleich, ein Konzept- und Jahrmarktk\u00fcnstler, er kennt sich gut aus mit der Stille.<br \/>\nEleonore B\u00fcning in der &#8220;Frankfurter Allgemeinen Zeitung&#8221; 2013<\/p>\n<p>Aktuelle Termine:<br \/>\n4.4.2016 Er\u00f6ffnung Ausstellung \u201ePhonographien\u201c, Czerwenka Villa (Landesmusikschule), V\u00f6cklabruck<br \/>\n4.4.2016, 19.00 Dr. Didi live Czerwenka Villa (Landesmusikschule), V\u00f6cklabruck<br \/>\n10.6.2016, 20.00 Dr. Didi live Rudigierhalle, Mariendom, Linz, Lange Nacht der Kirchen<br \/>\n11.6.2016 Die Welt der Phonographie \u2013 Personale Peter Androsch bis Ende Oktober, Historisches Museum, Minoritenkirche, Regensburg<br \/>\n19.6.2016 Festival \u201eLandg\u00e4nge\u201c, Freistadt und St. Peter, M\u00fchlviertel, O\u00f6<br \/>\n19.6.2016, 19.30 Dr. Didi live Festival Landg\u00e4nge, Kirche St. Peter bei Freistadt<br \/>\n22.6.2016, Abend Dr. Didi live SILOS [&#8230;]<\/p>\n","protected":false},"author":1,"featured_media":0,"comment_status":"closed","ping_status":"open","sticky":false,"template":"","format":"standard","meta":{"footnotes":""},"categories":[17],"tags":[],"class_list":["post-298","post","type-post","status-publish","format-standard","hentry","category-home"],"_links":{"self":[{"href":"https:\/\/www.peterandrosch.at\/en\/wp-json\/wp\/v2\/posts\/298","targetHints":{"allow":["GET"]}}],"collection":[{"href":"https:\/\/www.peterandrosch.at\/en\/wp-json\/wp\/v2\/posts"}],"about":[{"href":"https:\/\/www.peterandrosch.at\/en\/wp-json\/wp\/v2\/types\/post"}],"author":[{"embeddable":true,"href":"https:\/\/www.peterandrosch.at\/en\/wp-json\/wp\/v2\/users\/1"}],"replies":[{"embeddable":true,"href":"https:\/\/www.peterandrosch.at\/en\/wp-json\/wp\/v2\/comments?post=298"}],"version-history":[{"count":26,"href":"https:\/\/www.peterandrosch.at\/en\/wp-json\/wp\/v2\/posts\/298\/revisions"}],"predecessor-version":[{"id":1047,"href":"https:\/\/www.peterandrosch.at\/en\/wp-json\/wp\/v2\/posts\/298\/revisions\/1047"}],"wp:attachment":[{"href":"https:\/\/www.peterandrosch.at\/en\/wp-json\/wp\/v2\/media?parent=298"}],"wp:term":[{"taxonomy":"category","embeddable":true,"href":"https:\/\/www.peterandrosch.at\/en\/wp-json\/wp\/v2\/categories?post=298"},{"taxonomy":"post_tag","embeddable":true,"href":"https:\/\/www.peterandrosch.at\/en\/wp-json\/wp\/v2\/tags?post=298"}],"curies":[{"name":"wp","href":"https:\/\/api.w.org\/{rel}","templated":true}]}}